{"id":366,"date":"2026-09-02T12:09:20","date_gmt":"2026-09-02T10:09:20","guid":{"rendered":"https:\/\/fpe.rs\/?p=366"},"modified":"2026-09-03T13:36:28","modified_gmt":"2026-09-03T11:36:28","slug":"predstavnici-fondacije-pravac-evropa-ucestvovali-na-15-korcula-school","status":"publish","type":"post","link":"https:\/\/fpe.rs\/en\/predstavnici-fondacije-pravac-evropa-ucestvovali-na-15-korcula-school\/","title":{"rendered":"Direction Europe Foundation Representatives Participate in the 15th Kor\u010dula School"},"content":{"rendered":"<p class=\"wp-block-paragraph\">Predstavnici Fondacije \u201ePravac Evropa\u201c u\u010destvovali su na jubilarnom, 15. izdanju <strong>Kor\u010dula School<\/strong>, odr\u017eanom od 27. do 29. avgusta 2026. godine na Kor\u010duli u Hrvatskoj.<\/p>\n\n\n\n<p class=\"wp-block-paragraph translation-block\">For fifteen years, the Kor\u010dula School has served as an important gathering place for progressive leaders, politicians, experts and civil society representatives from across Europe, providing a platform for the exchange of experiences, open discussion on contemporary political and social challenges, and the development of progressive responses to issues shaping the future of European societies.<\/p>\n\n\n\n<p class=\"wp-block-paragraph translation-block\">A particular value of the Kor\u010dula School lies in its ability to bring together people and organisations from different European countries and create a space where, beyond discussing current challenges, long-term partnerships are built, experiences are shared and ideas for future joint initiatives are developed.<\/p>\n\n\n\n<p class=\"wp-block-paragraph translation-block\">This year\u2019s milestone edition was held under the title \u201cLosing Ground, Gaining Voice \u2013 Rethinking Feminist Resistance in an Age of Populist Backlash 2.0.\u201d The programme focused on gender equality, democratic institutions and human rights, responses to the rise of populism, and the development of progressive political strategies for the future. Participants included representatives of numerous European organisations and institutions, including FEPS, PES Women, the Progressive Alliance, national and European institutions, academia and civil society.<\/p>\n\n\n\n<p class=\"wp-block-paragraph translation-block\">The participation of Konstantin Samofalov and Stefan Milivojevi\u0107 was also important for strengthening the international presence and cooperation of the Direction Europe Foundation. Taking part in a forum of this kind provides an opportunity for direct dialogue with European partners, the exchange of knowledge and experience, and the development of new contacts and partnerships, particularly in the fields of democracy, European integration, human rights and progressive public policies.<\/p>\n\n\n\n<p class=\"wp-block-paragraph translation-block\">For the Direction Europe Foundation, participation in the Kor\u010dula School represents another step in its efforts to strengthen Serbia\u2019s links with the wider European political, expert and civil society community, as well as a reaffirmation of the Foundation\u2019s commitment to contributing to Serbia\u2019s European perspective through international cooperation, dialogue and concrete initiatives.<\/p>\n\n\n\n<figure class=\"wp-block-gallery has-nested-images columns-default is-cropped wp-block-gallery-1 is-layout-flex wp-block-gallery-is-layout-flex\">\n<figure class=\"wp-block-image size-large\"><img fetchpriority=\"high\" decoding=\"async\" width=\"900\" height=\"1200\" data-id=\"370\" src=\"https:\/\/fpe.rs\/wp-content\/uploads\/2026\/09\/kork-900x1200.jpeg\" alt=\"\" class=\"wp-image-370\" srcset=\"https:\/\/fpe.rs\/wp-content\/uploads\/2026\/09\/kork-900x1200.jpeg 900w, https:\/\/fpe.rs\/wp-content\/uploads\/2026\/09\/kork-375x500.jpeg 375w, https:\/\/fpe.rs\/wp-content\/uploads\/2026\/09\/kork-225x300.jpeg 225w, https:\/\/fpe.rs\/wp-content\/uploads\/2026\/09\/kork-768x1024.jpeg 768w, https:\/\/fpe.rs\/wp-content\/uploads\/2026\/09\/kork-1152x1536.jpeg 1152w, https:\/\/fpe.rs\/wp-content\/uploads\/2026\/09\/kork-9x12.jpeg 9w, https:\/\/fpe.rs\/wp-content\/uploads\/2026\/09\/kork-56x75.jpeg 56w, https:\/\/fpe.rs\/wp-content\/uploads\/2026\/09\/kork-480x640.jpeg 480w, https:\/\/fpe.rs\/wp-content\/uploads\/2026\/09\/kork.jpeg 1536w\" sizes=\"(max-width:767px) 480px, (max-width:900px) 100vw, 900px\" \/><\/figure>\n\n\n\n<figure class=\"wp-block-image size-full\"><img decoding=\"async\" width=\"960\" height=\"720\" data-id=\"368\" src=\"https:\/\/fpe.rs\/wp-content\/uploads\/2026\/09\/korp.jpeg\" alt=\"\" class=\"wp-image-368\" srcset=\"https:\/\/fpe.rs\/wp-content\/uploads\/2026\/09\/korp.jpeg 960w, https:\/\/fpe.rs\/wp-content\/uploads\/2026\/09\/korp-300x225.jpeg 300w, https:\/\/fpe.rs\/wp-content\/uploads\/2026\/09\/korp-16x12.jpeg 16w, https:\/\/fpe.rs\/wp-content\/uploads\/2026\/09\/korp-768x576.jpeg 768w, https:\/\/fpe.rs\/wp-content\/uploads\/2026\/09\/korp-500x375.jpeg 500w, https:\/\/fpe.rs\/wp-content\/uploads\/2026\/09\/korp-100x75.jpeg 100w, https:\/\/fpe.rs\/wp-content\/uploads\/2026\/09\/korp-480x360.jpeg 480w\" sizes=\"(max-width:767px) 480px, (max-width:960px) 100vw, 960px\" \/><\/figure>\n\n\n\n<figure class=\"wp-block-image size-full\"><img decoding=\"async\" width=\"960\" height=\"720\" data-id=\"369\" src=\"https:\/\/fpe.rs\/wp-content\/uploads\/2026\/09\/kor3.jpeg\" alt=\"\" class=\"wp-image-369\" srcset=\"https:\/\/fpe.rs\/wp-content\/uploads\/2026\/09\/kor3.jpeg 960w, https:\/\/fpe.rs\/wp-content\/uploads\/2026\/09\/kor3-500x375.jpeg 500w, https:\/\/fpe.rs\/wp-content\/uploads\/2026\/09\/kor3-300x225.jpeg 300w, https:\/\/fpe.rs\/wp-content\/uploads\/2026\/09\/kor3-768x576.jpeg 768w, https:\/\/fpe.rs\/wp-content\/uploads\/2026\/09\/kor3-16x12.jpeg 16w, https:\/\/fpe.rs\/wp-content\/uploads\/2026\/09\/kor3-100x75.jpeg 100w, https:\/\/fpe.rs\/wp-content\/uploads\/2026\/09\/kor3-480x360.jpeg 480w\" sizes=\"(max-width:767px) 480px, (max-width:960px) 100vw, 960px\" \/><\/figure>\n\n\n\n<figure class=\"wp-block-image size-large\"><img loading=\"lazy\" decoding=\"async\" width=\"1200\" height=\"900\" data-id=\"372\" src=\"https:\/\/fpe.rs\/wp-content\/uploads\/2026\/09\/koe2-1200x900.jpeg\" alt=\"\" class=\"wp-image-372\" srcset=\"https:\/\/fpe.rs\/wp-content\/uploads\/2026\/09\/koe2-1200x900.jpeg 1200w, https:\/\/fpe.rs\/wp-content\/uploads\/2026\/09\/koe2-300x225.jpeg 300w, https:\/\/fpe.rs\/wp-content\/uploads\/2026\/09\/koe2-500x375.jpeg 500w, https:\/\/fpe.rs\/wp-content\/uploads\/2026\/09\/koe2-768x576.jpeg 768w, https:\/\/fpe.rs\/wp-content\/uploads\/2026\/09\/koe2-16x12.jpeg 16w, https:\/\/fpe.rs\/wp-content\/uploads\/2026\/09\/koe2-1536x1152.jpeg 1536w, https:\/\/fpe.rs\/wp-content\/uploads\/2026\/09\/koe2-100x75.jpeg 100w, https:\/\/fpe.rs\/wp-content\/uploads\/2026\/09\/koe2-480x360.jpeg 480w, https:\/\/fpe.rs\/wp-content\/uploads\/2026\/09\/koe2.jpeg 2000w\" sizes=\"(max-width:767px) 480px, (max-width:1200px) 100vw, 1200px\" \/><\/figure>\n<\/figure>\n\n\n\n<p class=\"wp-block-paragraph\"><\/p>","protected":false},"excerpt":{"rendered":"<p>Predstavnici Fondacije \u201ePravac Evropa\u201c u\u010destvovali su na jubilarnom, 15. izdanju Kor\u010dula School, odr\u017eanom od 27. do 29. avgusta 2026. godine na Kor\u010duli u Hrvatskoj. Kor\u010dula School<span class=\"excerpt-hellip\"> [\u2026]<\/span><\/p>\n","protected":false},"author":1,"featured_media":367,"comment_status":"open","ping_status":"open","sticky":false,"template":"","format":"standard","meta":{"give_campaign_id":0,"footnotes":""},"categories":[2],"tags":[],"class_list":["post-366","post","type-post","status-publish","format-standard","has-post-thumbnail","hentry","category-novosti"],"yoast_head":"<!-- This site is optimized with the Yoast SEO plugin v28.4 - https:\/\/yoast.com\/product\/yoast-seo-wordpress\/ -->\n<title>Predstavnici Fondacije \u201ePravac Evropa\u201c u\u010destvovali na 15. &quot;Kor\u010dula School&quot; - Fondacija Pravac Evropa<\/title>\n<meta name=\"robots\" content=\"index, follow, max-snippet:-1, max-image-preview:large, max-video-preview:-1\" \/>\n<link rel=\"canonical\" href=\"https:\/\/fpe.rs\/en\/predstavnici-fondacije-pravac-evropa-ucestvovali-na-15-korcula-school\/\" \/>\n<meta property=\"og:locale\" content=\"en_US\" \/>\n<meta property=\"og:type\" content=\"article\" \/>\n<meta property=\"og:title\" content=\"Predstavnici Fondacije \u201ePravac Evropa\u201c u\u010destvovali na 15. &quot;Kor\u010dula School&quot; - Fondacija Pravac Evropa\" \/>\n<meta property=\"og:description\" content=\"Predstavnici Fondacije \u201ePravac Evropa\u201c u\u010destvovali su na jubilarnom, 15. izdanju Kor\u010dula School, odr\u017eanom od 27. do 29. avgusta 2026. godine na Kor\u010duli u Hrvatskoj. Kor\u010dula School [\u2026]\" \/>\n<meta property=\"og:url\" content=\"https:\/\/fpe.rs\/en\/predstavnici-fondacije-pravac-evropa-ucestvovali-na-15-korcula-school\/\" \/>\n<meta property=\"og:site_name\" content=\"Fondacija Pravac Evropa\" \/>\n<meta property=\"article:publisher\" content=\"https:\/\/facebook.com\/fondacijapravacevropa\" \/>\n<meta property=\"article:published_time\" content=\"2026-09-02T10:09:20+00:00\" \/>\n<meta property=\"article:modified_time\" content=\"2026-09-03T11:36:28+00:00\" \/>\n<meta property=\"og:image\" content=\"https:\/\/fpe.rs\/wp-content\/uploads\/2026\/09\/kormain.jpeg\" \/>\n\t<meta property=\"og:image:width\" content=\"960\" \/>\n\t<meta property=\"og:image:height\" content=\"720\" \/>\n\t<meta property=\"og:image:type\" content=\"image\/jpeg\" \/>\n<meta name=\"author\" content=\"FPE\" \/>\n<meta name=\"twitter:card\" content=\"summary_large_image\" \/>\n<meta name=\"twitter:creator\" content=\"@pravacevropa\" \/>\n<meta name=\"twitter:site\" content=\"@pravacevropa\" \/>\n<meta name=\"twitter:label1\" content=\"Written by\" \/>\n\t<meta name=\"twitter:data1\" content=\"FPE\" \/>\n\t<meta name=\"twitter:label2\" content=\"Est. reading time\" \/>\n\t<meta name=\"twitter:data2\" content=\"3 minutes\" \/>\n<script type=\"application\/ld+json\" class=\"yoast-schema-graph\">{\"@context\":\"https:\\\/\\\/schema.org\",\"@graph\":[{\"@type\":\"Article\",\"@id\":\"https:\\\/\\\/fpe.rs\\\/predstavnici-fondacije-pravac-evropa-ucestvovali-na-15-korcula-school\\\/#article\",\"isPartOf\":{\"@id\":\"https:\\\/\\\/fpe.rs\\\/predstavnici-fondacije-pravac-evropa-ucestvovali-na-15-korcula-school\\\/\"},\"author\":{\"name\":\"FPE\",\"@id\":\"https:\\\/\\\/fpe.rs\\\/#\\\/schema\\\/person\\\/4ee2287a28788ec45a8c8d1937cd4222\"},\"headline\":\"Predstavnici Fondacije \u201ePravac Evropa\u201c u\u010destvovali na 15. &#8222;Kor\u010dula School&#8220;\",\"datePublished\":\"2026-09-02T10:09:20+00:00\",\"dateModified\":\"2026-09-03T11:36:28+00:00\",\"mainEntityOfPage\":{\"@id\":\"https:\\\/\\\/fpe.rs\\\/predstavnici-fondacije-pravac-evropa-ucestvovali-na-15-korcula-school\\\/\"},\"wordCount\":312,\"commentCount\":0,\"publisher\":{\"@id\":\"https:\\\/\\\/fpe.rs\\\/#organization\"},\"image\":{\"@id\":\"https:\\\/\\\/fpe.rs\\\/predstavnici-fondacije-pravac-evropa-ucestvovali-na-15-korcula-school\\\/#primaryimage\"},\"thumbnailUrl\":\"https:\\\/\\\/fpe.rs\\\/wp-content\\\/uploads\\\/2026\\\/09\\\/kormain.jpeg\",\"articleSection\":[\"Novosti\"],\"inLanguage\":\"en-US\",\"potentialAction\":[{\"@type\":\"CommentAction\",\"name\":\"Comment\",\"target\":[\"https:\\\/\\\/fpe.rs\\\/predstavnici-fondacije-pravac-evropa-ucestvovali-na-15-korcula-school\\\/#respond\"]}]},{\"@type\":\"WebPage\",\"@id\":\"https:\\\/\\\/fpe.rs\\\/predstavnici-fondacije-pravac-evropa-ucestvovali-na-15-korcula-school\\\/\",\"url\":\"https:\\\/\\\/fpe.rs\\\/predstavnici-fondacije-pravac-evropa-ucestvovali-na-15-korcula-school\\\/\",\"name\":\"Predstavnici Fondacije \u201ePravac Evropa\u201c u\u010destvovali na 15. \\\"Kor\u010dula School\\\" - Fondacija Pravac Evropa\",\"isPartOf\":{\"@id\":\"https:\\\/\\\/fpe.rs\\\/#website\"},\"primaryImageOfPage\":{\"@id\":\"https:\\\/\\\/fpe.rs\\\/predstavnici-fondacije-pravac-evropa-ucestvovali-na-15-korcula-school\\\/#primaryimage\"},\"image\":{\"@id\":\"https:\\\/\\\/fpe.rs\\\/predstavnici-fondacije-pravac-evropa-ucestvovali-na-15-korcula-school\\\/#primaryimage\"},\"thumbnailUrl\":\"https:\\\/\\\/fpe.rs\\\/wp-content\\\/uploads\\\/2026\\\/09\\\/kormain.jpeg\",\"datePublished\":\"2026-09-02T10:09:20+00:00\",\"dateModified\":\"2026-09-03T11:36:28+00:00\",\"breadcrumb\":{\"@id\":\"https:\\\/\\\/fpe.rs\\\/predstavnici-fondacije-pravac-evropa-ucestvovali-na-15-korcula-school\\\/#breadcrumb\"},\"inLanguage\":\"en-US\",\"potentialAction\":[{\"@type\":\"ReadAction\",\"target\":[\"https:\\\/\\\/fpe.rs\\\/predstavnici-fondacije-pravac-evropa-ucestvovali-na-15-korcula-school\\\/\"]}]},{\"@type\":\"ImageObject\",\"inLanguage\":\"en-US\",\"@id\":\"https:\\\/\\\/fpe.rs\\\/predstavnici-fondacije-pravac-evropa-ucestvovali-na-15-korcula-school\\\/#primaryimage\",\"url\":\"https:\\\/\\\/fpe.rs\\\/wp-content\\\/uploads\\\/2026\\\/09\\\/kormain.jpeg\",\"contentUrl\":\"https:\\\/\\\/fpe.rs\\\/wp-content\\\/uploads\\\/2026\\\/09\\\/kormain.jpeg\",\"width\":960,\"height\":720},{\"@type\":\"BreadcrumbList\",\"@id\":\"https:\\\/\\\/fpe.rs\\\/predstavnici-fondacije-pravac-evropa-ucestvovali-na-15-korcula-school\\\/#breadcrumb\",\"itemListElement\":[{\"@type\":\"ListItem\",\"position\":1,\"name\":\"Home\",\"item\":\"https:\\\/\\\/fpe.rs\\\/\"},{\"@type\":\"ListItem\",\"position\":2,\"name\":\"Predstavnici Fondacije \u201ePravac Evropa\u201c u\u010destvovali na 15. &#8222;Kor\u010dula School&#8220;\"}]},{\"@type\":\"WebSite\",\"@id\":\"https:\\\/\\\/fpe.rs\\\/#website\",\"url\":\"https:\\\/\\\/fpe.rs\\\/\",\"name\":\"Fondacija Pravac Evropa\",\"description\":\"\",\"publisher\":{\"@id\":\"https:\\\/\\\/fpe.rs\\\/#organization\"},\"potentialAction\":[{\"@type\":\"SearchAction\",\"target\":{\"@type\":\"EntryPoint\",\"urlTemplate\":\"https:\\\/\\\/fpe.rs\\\/?s={search_term_string}\"},\"query-input\":{\"@type\":\"PropertyValueSpecification\",\"valueRequired\":true,\"valueName\":\"search_term_string\"}}],\"inLanguage\":\"en-US\"},{\"@type\":\"Organization\",\"@id\":\"https:\\\/\\\/fpe.rs\\\/#organization\",\"name\":\"Fondacija Pravac Evropa\",\"url\":\"https:\\\/\\\/fpe.rs\\\/\",\"logo\":{\"@type\":\"ImageObject\",\"inLanguage\":\"en-US\",\"@id\":\"https:\\\/\\\/fpe.rs\\\/#\\\/schema\\\/logo\\\/image\\\/\",\"url\":\"https:\\\/\\\/fpe.rs\\\/wp-content\\\/uploads\\\/2026\\\/01\\\/cover-1.png\",\"contentUrl\":\"https:\\\/\\\/fpe.rs\\\/wp-content\\\/uploads\\\/2026\\\/01\\\/cover-1.png\",\"width\":1640,\"height\":924,\"caption\":\"Fondacija Pravac Evropa\"},\"image\":{\"@id\":\"https:\\\/\\\/fpe.rs\\\/#\\\/schema\\\/logo\\\/image\\\/\"},\"sameAs\":[\"https:\\\/\\\/facebook.com\\\/fondacijapravacevropa\",\"https:\\\/\\\/x.com\\\/pravacevropa\",\"https:\\\/\\\/instagram.com\\\/pravacevropa\"]},{\"@type\":\"Person\",\"@id\":\"https:\\\/\\\/fpe.rs\\\/#\\\/schema\\\/person\\\/4ee2287a28788ec45a8c8d1937cd4222\",\"name\":\"FPE\",\"image\":{\"@type\":\"ImageObject\",\"inLanguage\":\"en-US\",\"@id\":\"https:\\\/\\\/secure.gravatar.com\\\/avatar\\\/78f85019927dfbacc65ea489fa653cd72e5a6593ab3e58dfc579ec95c42acd5d?s=96&d=mm&r=g\",\"url\":\"https:\\\/\\\/secure.gravatar.com\\\/avatar\\\/78f85019927dfbacc65ea489fa653cd72e5a6593ab3e58dfc579ec95c42acd5d?s=96&d=mm&r=g\",\"contentUrl\":\"https:\\\/\\\/secure.gravatar.com\\\/avatar\\\/78f85019927dfbacc65ea489fa653cd72e5a6593ab3e58dfc579ec95c42acd5d?s=96&d=mm&r=g\",\"caption\":\"FPE\"},\"sameAs\":[\"https:\\\/\\\/fpe.rs\"]}]}<\/script>\n<!-- \/ Yoast SEO plugin. -->","yoast_head_json":{"title":"Predstavnici Fondacije \u201ePravac Evropa\u201c u\u010destvovali na 15. \"Kor\u010dula School\" - Fondacija Pravac Evropa","robots":{"index":"index","follow":"follow","max-snippet":"max-snippet:-1","max-image-preview":"max-image-preview:large","max-video-preview":"max-video-preview:-1"},"canonical":"https:\/\/fpe.rs\/en\/predstavnici-fondacije-pravac-evropa-ucestvovali-na-15-korcula-school\/","og_locale":"en_US","og_type":"article","og_title":"Predstavnici Fondacije \u201ePravac Evropa\u201c u\u010destvovali na 15. \"Kor\u010dula School\" - Fondacija Pravac Evropa","og_description":"Predstavnici Fondacije \u201ePravac Evropa\u201c u\u010destvovali su na jubilarnom, 15. izdanju Kor\u010dula School, odr\u017eanom od 27. do 29. avgusta 2026. godine na Kor\u010duli u Hrvatskoj. Kor\u010dula School [\u2026]","og_url":"https:\/\/fpe.rs\/en\/predstavnici-fondacije-pravac-evropa-ucestvovali-na-15-korcula-school\/","og_site_name":"Fondacija Pravac Evropa","article_publisher":"https:\/\/facebook.com\/fondacijapravacevropa","article_published_time":"2026-09-02T10:09:20+00:00","article_modified_time":"2026-09-03T11:36:28+00:00","og_image":[{"width":960,"height":720,"url":"https:\/\/fpe.rs\/wp-content\/uploads\/2026\/09\/kormain.jpeg","type":"image\/jpeg"}],"author":"FPE","twitter_card":"summary_large_image","twitter_creator":"@pravacevropa","twitter_site":"@pravacevropa","twitter_misc":{"Written by":"FPE","Est. reading time":"3 minutes"},"schema":{"@context":"https:\/\/schema.org","@graph":[{"@type":"Article","@id":"https:\/\/fpe.rs\/predstavnici-fondacije-pravac-evropa-ucestvovali-na-15-korcula-school\/#article","isPartOf":{"@id":"https:\/\/fpe.rs\/predstavnici-fondacije-pravac-evropa-ucestvovali-na-15-korcula-school\/"},"author":{"name":"FPE","@id":"https:\/\/fpe.rs\/#\/schema\/person\/4ee2287a28788ec45a8c8d1937cd4222"},"headline":"Predstavnici Fondacije \u201ePravac Evropa\u201c u\u010destvovali na 15. &#8222;Kor\u010dula School&#8220;","datePublished":"2026-09-02T10:09:20+00:00","dateModified":"2026-09-03T11:36:28+00:00","mainEntityOfPage":{"@id":"https:\/\/fpe.rs\/predstavnici-fondacije-pravac-evropa-ucestvovali-na-15-korcula-school\/"},"wordCount":312,"commentCount":0,"publisher":{"@id":"https:\/\/fpe.rs\/#organization"},"image":{"@id":"https:\/\/fpe.rs\/predstavnici-fondacije-pravac-evropa-ucestvovali-na-15-korcula-school\/#primaryimage"},"thumbnailUrl":"https:\/\/fpe.rs\/wp-content\/uploads\/2026\/09\/kormain.jpeg","articleSection":["Novosti"],"inLanguage":"en-US","potentialAction":[{"@type":"CommentAction","name":"Comment","target":["https:\/\/fpe.rs\/predstavnici-fondacije-pravac-evropa-ucestvovali-na-15-korcula-school\/#respond"]}]},{"@type":"WebPage","@id":"https:\/\/fpe.rs\/predstavnici-fondacije-pravac-evropa-ucestvovali-na-15-korcula-school\/","url":"https:\/\/fpe.rs\/predstavnici-fondacije-pravac-evropa-ucestvovali-na-15-korcula-school\/","name":"Predstavnici Fondacije \u201ePravac Evropa\u201c u\u010destvovali na 15. \"Kor\u010dula School\" - Fondacija Pravac Evropa","isPartOf":{"@id":"https:\/\/fpe.rs\/#website"},"primaryImageOfPage":{"@id":"https:\/\/fpe.rs\/predstavnici-fondacije-pravac-evropa-ucestvovali-na-15-korcula-school\/#primaryimage"},"image":{"@id":"https:\/\/fpe.rs\/predstavnici-fondacije-pravac-evropa-ucestvovali-na-15-korcula-school\/#primaryimage"},"thumbnailUrl":"https:\/\/fpe.rs\/wp-content\/uploads\/2026\/09\/kormain.jpeg","datePublished":"2026-09-02T10:09:20+00:00","dateModified":"2026-09-03T11:36:28+00:00","breadcrumb":{"@id":"https:\/\/fpe.rs\/predstavnici-fondacije-pravac-evropa-ucestvovali-na-15-korcula-school\/#breadcrumb"},"inLanguage":"en-US","potentialAction":[{"@type":"ReadAction","target":["https:\/\/fpe.rs\/predstavnici-fondacije-pravac-evropa-ucestvovali-na-15-korcula-school\/"]}]},{"@type":"ImageObject","inLanguage":"en-US","@id":"https:\/\/fpe.rs\/predstavnici-fondacije-pravac-evropa-ucestvovali-na-15-korcula-school\/#primaryimage","url":"https:\/\/fpe.rs\/wp-content\/uploads\/2026\/09\/kormain.jpeg","contentUrl":"https:\/\/fpe.rs\/wp-content\/uploads\/2026\/09\/kormain.jpeg","width":960,"height":720},{"@type":"BreadcrumbList","@id":"https:\/\/fpe.rs\/predstavnici-fondacije-pravac-evropa-ucestvovali-na-15-korcula-school\/#breadcrumb","itemListElement":[{"@type":"ListItem","position":1,"name":"Home","item":"https:\/\/fpe.rs\/"},{"@type":"ListItem","position":2,"name":"Predstavnici Fondacije \u201ePravac Evropa\u201c u\u010destvovali na 15. &#8222;Kor\u010dula School&#8220;"}]},{"@type":"WebSite","@id":"https:\/\/fpe.rs\/#website","url":"https:\/\/fpe.rs\/","name":"Direction Europe Foundation","description":"","publisher":{"@id":"https:\/\/fpe.rs\/#organization"},"potentialAction":[{"@type":"SearchAction","target":{"@type":"EntryPoint","urlTemplate":"https:\/\/fpe.rs\/?s={search_term_string}"},"query-input":{"@type":"PropertyValueSpecification","valueRequired":true,"valueName":"search_term_string"}}],"inLanguage":"en-US"},{"@type":"Organization","@id":"https:\/\/fpe.rs\/#organization","name":"Direction Europe Foundation","url":"https:\/\/fpe.rs\/","logo":{"@type":"ImageObject","inLanguage":"en-US","@id":"https:\/\/fpe.rs\/#\/schema\/logo\/image\/","url":"https:\/\/fpe.rs\/wp-content\/uploads\/2026\/01\/cover-1.png","contentUrl":"https:\/\/fpe.rs\/wp-content\/uploads\/2026\/01\/cover-1.png","width":1640,"height":924,"caption":"Fondacija Pravac Evropa"},"image":{"@id":"https:\/\/fpe.rs\/#\/schema\/logo\/image\/"},"sameAs":["https:\/\/facebook.com\/fondacijapravacevropa","https:\/\/x.com\/pravacevropa","https:\/\/instagram.com\/pravacevropa"]},{"@type":"Person","@id":"https:\/\/fpe.rs\/#\/schema\/person\/4ee2287a28788ec45a8c8d1937cd4222","name":"FPE","image":{"@type":"ImageObject","inLanguage":"en-US","@id":"https:\/\/secure.gravatar.com\/avatar\/78f85019927dfbacc65ea489fa653cd72e5a6593ab3e58dfc579ec95c42acd5d?s=96&d=mm&r=g","url":"https:\/\/secure.gravatar.com\/avatar\/78f85019927dfbacc65ea489fa653cd72e5a6593ab3e58dfc579ec95c42acd5d?s=96&d=mm&r=g","contentUrl":"https:\/\/secure.gravatar.com\/avatar\/78f85019927dfbacc65ea489fa653cd72e5a6593ab3e58dfc579ec95c42acd5d?s=96&d=mm&r=g","caption":"FPE"},"sameAs":["https:\/\/fpe.rs"]}]}},"_links":{"self":[{"href":"https:\/\/fpe.rs\/en\/wp-json\/wp\/v2\/posts\/366","targetHints":{"allow":["GET"]}}],"collection":[{"href":"https:\/\/fpe.rs\/en\/wp-json\/wp\/v2\/posts"}],"about":[{"href":"https:\/\/fpe.rs\/en\/wp-json\/wp\/v2\/types\/post"}],"author":[{"embeddable":true,"href":"https:\/\/fpe.rs\/en\/wp-json\/wp\/v2\/users\/1"}],"replies":[{"embeddable":true,"href":"https:\/\/fpe.rs\/en\/wp-json\/wp\/v2\/comments?post=366"}],"version-history":[{"count":3,"href":"https:\/\/fpe.rs\/en\/wp-json\/wp\/v2\/posts\/366\/revisions"}],"predecessor-version":[{"id":375,"href":"https:\/\/fpe.rs\/en\/wp-json\/wp\/v2\/posts\/366\/revisions\/375"}],"wp:featuredmedia":[{"embeddable":true,"href":"https:\/\/fpe.rs\/en\/wp-json\/wp\/v2\/media\/367"}],"wp:attachment":[{"href":"https:\/\/fpe.rs\/en\/wp-json\/wp\/v2\/media?parent=366"}],"wp:term":[{"taxonomy":"category","embeddable":true,"href":"https:\/\/fpe.rs\/en\/wp-json\/wp\/v2\/categories?post=366"},{"taxonomy":"post_tag","embeddable":true,"href":"https:\/\/fpe.rs\/en\/wp-json\/wp\/v2\/tags?post=366"}],"curies":[{"name":"wp","href":"https:\/\/api.w.org\/{rel}","templated":true}]}}